{"id":137,"date":"2023-10-11T20:08:44","date_gmt":"2023-10-11T18:08:44","guid":{"rendered":"https:\/\/frankablog.ferencesek.hu\/?p=137"},"modified":"2023-10-15T19:48:12","modified_gmt":"2023-10-15T17:48:12","slug":"nyilt-napok","status":"publish","type":"post","link":"https:\/\/frankablog.ferencesek.hu\/?p=137","title":{"rendered":"Ny\u00edlt Napok"},"content":{"rendered":"\n<p><strong>Iskol\u00e1nk ny\u00edlt napjainak id\u0151pontjai: <\/strong><\/p>\n\n\n\n<ul class=\"wp-block-list\">\n<li>2023.11.18<\/li>\n\n\n\n<li>2023.12.09<\/li>\n<\/ul>\n\n\n\n<p>Mindk\u00e9t alkalommal a programok 9.00 \u00f3r\u00e1t\u00f3l kezd\u0151dnek, amelyre nem kell regisztr\u00e1lni.<\/p>\n\n\n\n<p>Szeretettel v\u00e1rjuk a most hatodikos \u00e9s nyolcadikos fi\u00fagyermekeket!<\/p>\n\n\n\n<p>Ny\u00edlt nappal \u00e9s felv\u00e9telivel kapcsolatos t\u00e1j\u00e9koztat\u00e1s:<\/p>\n\n\n\n<p><a href=\"https:\/\/franka-egom.ferences.eu\/index.php?id=felveteli\">https:\/\/franka-egom.ferences.eu\/index.php?id=felveteli<\/a><\/p>\n\n\n\n<p>Iskol\u00e1nk bemutatkoz\u00f3 filmje hosszabb terjedelemben:<\/p>\n\n\n\n<p><a href=\"https:\/\/www.youtube.com\/watch?app=desktop&amp;v=bfrKvxrz-Jc&amp;fbclid=IwAR0EFBml7FvulsKKY-HWZPWnySNinGGNZQGsLqpMVsQXfv9kPIjJC7-l0eA\" data-type=\"link\" data-id=\"https:\/\/www.youtube.com\/watch?app=desktop&amp;v=bfrKvxrz-Jc&amp;fbclid=IwAR0EFBml7FvulsKKY-HWZPWnySNinGGNZQGsLqpMVsQXfv9kPIjJC7-l0eA\">https:\/\/www.youtube.com<\/a><\/p>\n\n\n\n<p>R\u00f6videbb v\u00e1ltozatban:<\/p>\n\n\n\n<figure class=\"wp-block-embed is-type-video is-provider-youtube wp-block-embed-youtube wp-embed-aspect-16-9 wp-has-aspect-ratio\"><div class=\"wp-block-embed__wrapper\">\n<iframe title=\"H\u00edvogat\u00f3 az esztergomi ferences gimn\u00e1ziumba.\" width=\"640\" height=\"360\" src=\"https:\/\/www.youtube.com\/embed\/5UD8P-PkY_E?feature=oembed\" frameborder=\"0\" allow=\"accelerometer; autoplay; clipboard-write; encrypted-media; gyroscope; picture-in-picture; web-share\" referrerpolicy=\"strict-origin-when-cross-origin\" allowfullscreen><\/iframe>\n<\/div><\/figure>\n","protected":false},"excerpt":{"rendered":"<p>Iskol\u00e1nkban k\u00e9t ny\u00edlt napot tartunk novemberben (2023.11.18) \u00e9s decemberben (2023.12.09). <a href=\"https:\/\/frankablog.ferencesek.hu\/?p=137\">Egy kattint\u00e1s ide a folytat\u00e1shoz&#8230;. <span class=\"meta-nav\">&rarr;<\/span><\/a><\/p>\n","protected":false},"author":5,"featured_media":0,"comment_status":"closed","ping_status":"open","sticky":false,"template":"","format":"standard","meta":{"footnotes":""},"categories":[1],"tags":[15,14],"class_list":["post-137","post","type-post","status-publish","format-standard","hentry","category-hivatalos","tag-felveteli","tag-nyilt-nap"],"_links":{"self":[{"href":"https:\/\/frankablog.ferencesek.hu\/index.php?rest_route=\/wp\/v2\/posts\/137","targetHints":{"allow":["GET"]}}],"collection":[{"href":"https:\/\/frankablog.ferencesek.hu\/index.php?rest_route=\/wp\/v2\/posts"}],"about":[{"href":"https:\/\/frankablog.ferencesek.hu\/index.php?rest_route=\/wp\/v2\/types\/post"}],"author":[{"embeddable":true,"href":"https:\/\/frankablog.ferencesek.hu\/index.php?rest_route=\/wp\/v2\/users\/5"}],"replies":[{"embeddable":true,"href":"https:\/\/frankablog.ferencesek.hu\/index.php?rest_route=%2Fwp%2Fv2%2Fcomments&post=137"}],"version-history":[{"count":5,"href":"https:\/\/frankablog.ferencesek.hu\/index.php?rest_route=\/wp\/v2\/posts\/137\/revisions"}],"predecessor-version":[{"id":273,"href":"https:\/\/frankablog.ferencesek.hu\/index.php?rest_route=\/wp\/v2\/posts\/137\/revisions\/273"}],"wp:attachment":[{"href":"https:\/\/frankablog.ferencesek.hu\/index.php?rest_route=%2Fwp%2Fv2%2Fmedia&parent=137"}],"wp:term":[{"taxonomy":"category","embeddable":true,"href":"https:\/\/frankablog.ferencesek.hu\/index.php?rest_route=%2Fwp%2Fv2%2Fcategories&post=137"},{"taxonomy":"post_tag","embeddable":true,"href":"https:\/\/frankablog.ferencesek.hu\/index.php?rest_route=%2Fwp%2Fv2%2Ftags&post=137"}],"curies":[{"name":"wp","href":"https:\/\/api.w.org\/{rel}","templated":true}]}}