{"id":377,"date":"2024-01-02T12:57:21","date_gmt":"2024-01-02T10:57:21","guid":{"rendered":"https:\/\/frankablog.ferencesek.hu\/?p=377"},"modified":"2024-01-02T12:57:21","modified_gmt":"2024-01-02T10:57:21","slug":"assisi-szent-ferenc-karacsonya-greccioban-palyazat-es-vetelkedo-2023","status":"publish","type":"post","link":"https:\/\/frankablog.ferencesek.hu\/?p=377","title":{"rendered":"Assisi Szent Ferenc kar\u00e1csonya Grecci\u00f3ban p\u00e1ly\u00e1zat \u00e9s vet\u00e9lked\u0151 \u2013 2023"},"content":{"rendered":"\n<p>Iskol\u00e1nk 2023 szeptember\u00e9ben orsz\u00e1gos p\u00e1ly\u00e1zatot, illetve tanulm\u00e1nyi versenyt hirdetett &#8222;Assisi Szent Ferenc kar\u00e1csonya Grecci\u00f3ban&#8221; c\u00edmmel annak eml\u00e9k\u00e9re, hogy 800 \u00e9ve er\u0151s\u00edtette meg III. Honorius p\u00e1pa a ferences regul\u00e1t, \u00e9s 800 \u00e9ve \u00e1ll\u00edtott Szent Ferenc Grecci\u00f3ban \u00e9l\u0151 betlehemet.<\/p>\n\n\n\n<p>P\u00e1ly\u00e1zni az al\u00e1bbi kateg\u00f3ri\u00e1kban lehetett:<\/p>\n\n\n\n<ul class=\"wp-block-list\">\n<li>betlehem k\u00e9sz\u00edt\u00e9se (makett)<\/li>\n\n\n\n<li>kar\u00e1csonyi\/betlehemi\/grecci\u00f3i tematik\u00e1j\u00fa irodalmi alkot\u00e1s (vers \u00e9s pr\u00f3za)<\/li>\n\n\n\n<li>kar\u00e1csonyi\/betlehemi\/grecci\u00f3i tematik\u00e1j\u00fa m\u0171v\u00e9szeti alkot\u00e1s (rajz, kisfilm, fot\u00f3, zenem\u0171 stb.)<\/li>\n\n\n\n<li>betlehemes el\u0151ad\u00e1s<\/li>\n\n\n\n<li>vet\u00e9lked\u0151 Szent Ferenc \u00e9let\u00e9nek \u00e9s regul\u00e1j\u00e1nak ismeret\u00e9b\u0151l (4-5 f\u0151s csoportokban)<\/li>\n<\/ul>\n\n\n\n<p>A vet\u00e9lked\u0151t, a be\u00e9rkezett p\u00e1lyam\u0171vek bemutat\u00e1s\u00e1t \u00e9s a p\u00e1ly\u00e1zat ki\u00e9rt\u00e9kel\u00e9s\u00e9t 2023. december 17-\u00e9n tartottuk gimn\u00e1ziumunkban.<\/p>\n\n\n\n<p>\u00cdme a d\u00edjazottak \u2013 gratul\u00e1lunk mindenkinek!<\/p>\n\n\n\n<p><strong>Betlehem k\u00e9sz\u00edt\u00e9se (makett) \u2013 kateg\u00f3ria<\/strong><\/p>\n\n\n\n<p><em>Gimn\u00e1zium:<\/em><\/p>\n\n\n\n<p>Nemcsics J\u00f3zsef (9.) \u2013 Piarista Gimn\u00e1zium, Pest<\/p>\n\n\n\n<p>Kov\u00e1cs Bence L\u00e1szl\u00f3 (10.) \u2013 Franka<\/p>\n\n\n\n<p>Szarvas No\u00e9mi (10.) \u2013 Kossuth Zsuzsanna Technikum, Kar\u00e1csond<\/p>\n\n\n\n<p><em>\u00c1ltal\u00e1nos iskola:<\/em><\/p>\n\n\n\n<p>M\u00e1t\u00e9 Szilvia Zsuzsanna (8.) Lemh\u00e9nyi Dezs\u0151 \u00c1ltal\u00e1nos Iskola, Bp.<\/p>\n\n\n\n<p>Dr\u00e1vamenti K\u00f6rzeti \u00c1ltal\u00e1nos Iskola Dar\u00e1nyi Tagiskol\u00e1ja, K\u00e9zm\u0171ves szakk\u00f6r (7988 Dar\u00e1ny R\u00e1k\u00f3czi \u00fat 92) szakk\u00f6r\u00f6sei<\/p>\n\n\n\n<p>\u00c9des Kl\u00e1ra (5.) \u2013 Pad\u00e1nyi Katolikus Iskola, Veszpr\u00e9m<\/p>\n\n\n\n<p><em>\u00d3voda:<\/em><\/p>\n\n\n\n<p>Szarvas Lili (4 \u00e9ves) \u2013 Kar\u00e1csond<\/p>\n\n\n\n<p>Ajaki Tam\u00e1si \u00c1ron Katolikus \u00c1ltal\u00e1nos Iskola \u00e9s Alapfok\u00fa M\u0171v\u00e9szeti Iskola, \u00d3voda \u00e9s <em>B\u00f6lcs\u0151de:<\/em><\/p>\n\n\n\n<p>Katica csoport \u2013 (4524 Ajak, Hajnal \u00fat 9.)<\/p>\n\n\n\n<p>Szent Mikl\u00f3s G\u00f6r\u00f6gkatolikus \u00d3voda Fels\u0151zsolcai Tagint\u00e9zm\u00e9nye (0646384231)<\/p>\n\n\n\n<p><strong>ASK-k\u00fcl\u00f6nd\u00edj:<\/strong><\/p>\n\n\n\n<p>3. csoport: Keviczki Marcell, Kiss Barnab\u00e1s, P\u00e9ley M\u00e1rton, Rusk\u00f3 Erik, Sinka \u00c1d\u00e1m, S\u00fcmegi M\u00e1rton<\/p>\n\n\n\n<p>1. csoport: Szikra Zsombor S\u00e1ndor, Szak\u00e1l Vince Norbert, Nagy Viktor<\/p>\n\n\n\n<p>7. csoport: Gergely Hanna, Juh\u00e1sz M\u00e1rk, Jakucs Zal\u00e1n, Moln\u00e1r-Kov\u00e1cs Istv\u00e1n, R\u00e1cz \u00c1ron, Koreny G\u00e1bor<\/p>\n\n\n\n<p><strong>M\u0171v\u00e9szeti alkot\u00e1s \u2013 rajz kateg\u00f3ria<\/strong><\/p>\n\n\n\n<p><em>Gimn\u00e1zium:<\/em><\/p>\n\n\n\n<p>Farag\u00f3 Adrienn (10.) \u2013 Szent Hedvig Koll\u00e9gium, Eger<\/p>\n\n\n\n<p>Zs\u00edros Anna R\u00e9ka (11.) \u2013 Szent Hedvig Koll\u00e9gium, Eger<\/p>\n\n\n\n<p>Szarvas No\u00e9mi (10.) \u2013 Kossuth Zsuzsanna Technikum<\/p>\n\n\n\n<p><em>Fels\u0151 tagozat:<\/em><\/p>\n\n\n\n<p>Weszely Petra Polett (7.) \u2013 Szent Kereszt Katolikus \u00c1ltal\u00e1nos Iskola, Cegl\u00e9d<\/p>\n\n\n\n<p>Csisz\u00e1r Menta (6.) \u2013 Szent Kereszt Katolikus \u00c1ltal\u00e1nos Iskola, Cegl\u00e9d<\/p>\n\n\n\n<p>6. oszt\u00e1lyosok: Martin Hanga, P\u00e9li R\u00e9ka, Petri Bianka, Szigeti D\u00f3ra (II. J\u00e1nos P\u00e1l Katolikus \u00c1ltal\u00e1nos Iskola \u00e9s \u00d3voda T\u00e1zl\u00e1ri Tagint\u00e9zm\u00e9nye)<\/p>\n\n\n\n<p>k\u00fcl\u00f6nd\u00edj: 4. oszt\u00e1ly: V\u00f6r\u00f6sv\u00e1czki D\u00f3ra, Lehotay Luca, M\u00fcller M\u00e1rta, Szak\u00e1l Hanna, Patai D\u00f3ra, Kanalas Anita (II. J\u00e1nos P\u00e1l Katolikus \u00c1ltal\u00e1nos Iskola \u00e9s \u00d3voda T\u00e1zl\u00e1ri Tagint\u00e9zm\u00e9nye)<\/p>\n\n\n\n<p><em>Als\u00f3 tagozat:<\/em><\/p>\n\n\n\n<p>Krompaszky Fanni (4.) \u2013 Pom\u00e1zi N\u00e9met Nemzetis\u00e9gi \u00c1ltal\u00e1nos Iskola<\/p>\n\n\n\n<p>K\u00f6mlei Marcell \u2013 ASK 4-es csoport<\/p>\n\n\n\n<p>N\u00e9meth Beatrix Angelina (4.) \u2013 Meszl\u00e9nyi Zolt\u00e1n Katolikus \u00c1ltal\u00e1nos Iskola<\/p>\n\n\n\n<p><em>ASK-k\u00fcl\u00f6nd\u00edj<\/em>:<\/p>\n\n\n\n<p>P\u00e9ley M\u00e1rton 3-as csoport<\/p>\n\n\n\n<p>Rusk\u00f3 Erik 3-as csoport<\/p>\n\n\n\n<p>Argej\u00f3 Oliv\u00e9r L\u00e1szl\u00f3 2-es csoport<\/p>\n\n\n\n<p><strong>M\u0171v\u00e9szeti alkot\u00e1sok (kisfilm \u00e9s zene, egy\u00e9b technika)<\/strong><\/p>\n\n\n\n<p>N\u00e9meth-Hajnal Em\u00edlia, N\u00e9meth-Hajnal Gell\u00e9rt (A h\u00e1rom kir\u00e1ly \u00e9rkez\u00e9se \u2013 kisfilm) \u2013 Hunyadi J\u00e1nos Evang\u00e9likus \u00c1ltal\u00e1nos Iskola, Sopron, 4. oszt.<\/p>\n\n\n\n<p>Erd\u0151s Luca 12. oszt. (Isten irgalma \u2013 zene) \u2013 Szent Ang\u00e9la Ferences \u00c1ltal\u00e1nos Iskola \u00e9s <em>Gimn\u00e1zium<\/em><\/p>\n\n\n\n<p>Mark\u00f3 M\u00e1ty\u00e1s 8. oszt. (Lego betlehem \u2013 kisfilm) \u2013 Budapesti Piarista Gimn\u00e1zium<\/p>\n\n\n\n<p><strong>Irodalmi alkot\u00e1s kateg\u00f3ria<\/strong><\/p>\n\n\n\n<p><em>Gimn\u00e1zium<\/em>:<\/p>\n\n\n\n<p>L\u0151rincz Viola Eszter (10.) \u2013 Szent Ang\u00e9la Ferences \u00c1ltal\u00e1nos Iskola \u00e9s Gimn\u00e1zium<\/p>\n\n\n\n<p>Andr\u00f3nyi G\u00e1sp\u00e1r (9.) \u00e9s Bal\u00e1zs Botond (12.) \u2013 Franka<\/p>\n\n\n\n<p>Peck No\u00e9mi (10.) \u2013 Szentendrei Ferences Gimn\u00e1zium<\/p>\n\n\n\n<p><em>\u00c1ltal\u00e1nos iskola:<\/em><\/p>\n\n\n\n<p>Mike Borb\u00e1la S\u00e1ra (8.) \u2013 Szent Ang\u00e9la Ferences \u00c1ltal\u00e1nos Iskola \u00e9s Gimn\u00e1zium<\/p>\n\n\n\n<p>\u0150si Janka (4.) \u2013 Kanizsai Dorottya \u00c1ltal\u00e1nos Iskola, Sikl\u00f3s<\/p>\n\n\n\n<p>Marek Bor\u00f3ka J\u00falia (8.) \u00e9s Kov\u00e1cs Gell\u00e9rt (8.) \u2013 Szentendrei Ferences Gimn\u00e1zium \u00e9s Franka<\/p>\n\n\n\n<figure class=\"wp-block-gallery has-nested-images columns-default is-cropped wp-block-gallery-1 is-layout-flex wp-block-gallery-is-layout-flex\">\n<figure class=\"wp-block-image size-large\"><img fetchpriority=\"high\" decoding=\"async\" width=\"2048\" height=\"1365\" data-id=\"385\" src=\"https:\/\/frankablog.ferencesek.hu\/wp-content\/uploads\/2024\/01\/negy.jpg\" alt=\"\" class=\"wp-image-385\"\/><\/figure>\n\n\n\n<figure class=\"wp-block-image size-large\"><img decoding=\"async\" width=\"2048\" height=\"1365\" data-id=\"386\" src=\"https:\/\/frankablog.ferencesek.hu\/wp-content\/uploads\/2024\/01\/harom.jpg\" alt=\"\" class=\"wp-image-386\"\/><\/figure>\n\n\n\n<figure class=\"wp-block-image size-large\"><img decoding=\"async\" width=\"2048\" height=\"1365\" data-id=\"387\" src=\"https:\/\/frankablog.ferencesek.hu\/wp-content\/uploads\/2024\/01\/ketto.jpg\" alt=\"\" class=\"wp-image-387\"\/><\/figure>\n\n\n\n<figure class=\"wp-block-image size-large\"><img loading=\"lazy\" decoding=\"async\" width=\"2048\" height=\"1365\" data-id=\"388\" src=\"https:\/\/frankablog.ferencesek.hu\/wp-content\/uploads\/2024\/01\/egy.jpg\" alt=\"\" class=\"wp-image-388\"\/><\/figure>\n\n\n\n<figure class=\"wp-block-image size-large\"><img loading=\"lazy\" decoding=\"async\" width=\"2048\" height=\"1365\" data-id=\"384\" src=\"https:\/\/frankablog.ferencesek.hu\/wp-content\/uploads\/2024\/01\/ot.jpg\" alt=\"\" class=\"wp-image-384\"\/><\/figure>\n\n\n\n<figure class=\"wp-block-image size-large\"><img loading=\"lazy\" decoding=\"async\" width=\"2048\" height=\"1365\" data-id=\"383\" src=\"https:\/\/frankablog.ferencesek.hu\/wp-content\/uploads\/2024\/01\/hat.jpg\" alt=\"\" class=\"wp-image-383\"\/><\/figure>\n\n\n\n<figure class=\"wp-block-image size-large\"><img loading=\"lazy\" decoding=\"async\" width=\"2048\" height=\"1365\" data-id=\"382\" src=\"https:\/\/frankablog.ferencesek.hu\/wp-content\/uploads\/2024\/01\/het.jpg\" alt=\"\" class=\"wp-image-382\"\/><\/figure>\n\n\n\n<figure class=\"wp-block-image size-large\"><img loading=\"lazy\" decoding=\"async\" width=\"2048\" height=\"1365\" data-id=\"381\" src=\"https:\/\/frankablog.ferencesek.hu\/wp-content\/uploads\/2024\/01\/nyolc.jpg\" alt=\"\" class=\"wp-image-381\"\/><\/figure>\n\n\n\n<figure class=\"wp-block-image size-large\"><img loading=\"lazy\" decoding=\"async\" width=\"2048\" height=\"1365\" data-id=\"380\" src=\"https:\/\/frankablog.ferencesek.hu\/wp-content\/uploads\/2024\/01\/kilenc.jpg\" alt=\"\" class=\"wp-image-380\"\/><\/figure>\n\n\n\n<figure class=\"wp-block-image size-large\"><img loading=\"lazy\" decoding=\"async\" width=\"2048\" height=\"1365\" data-id=\"379\" src=\"https:\/\/frankablog.ferencesek.hu\/wp-content\/uploads\/2024\/01\/tiz.jpg\" alt=\"\" class=\"wp-image-379\"\/><\/figure>\n<\/figure>\n","protected":false},"excerpt":{"rendered":"<p>Iskol\u00e1nk 2023 szeptember\u00e9ben orsz\u00e1gos p\u00e1ly\u00e1zatot, illetve tanulm\u00e1nyi versenyt hirdetett &#8222;Assisi Szent Ferenc kar\u00e1csonya Grecci\u00f3ban&#8221; c\u00edmmel annak eml\u00e9k\u00e9re, hogy 800 \u00e9ve er\u0151s\u00edtette meg III. Honorius p\u00e1pa a ferences regul\u00e1t, \u00e9s 800 \u00e9ve \u00e1ll\u00edtott Szent Ferenc Grecci\u00f3ban \u00e9l\u0151 betlehemet. P\u00e1ly\u00e1zni az al\u00e1bbi &hellip; <a href=\"https:\/\/frankablog.ferencesek.hu\/?p=377\">Egy kattint\u00e1s ide a folytat\u00e1shoz&#8230;. <span class=\"meta-nav\">&rarr;<\/span><\/a><\/p>\n","protected":false},"author":5,"featured_media":0,"comment_status":"closed","ping_status":"closed","sticky":false,"template":"","format":"standard","meta":{"footnotes":""},"categories":[1],"tags":[],"class_list":["post-377","post","type-post","status-publish","format-standard","hentry","category-hivatalos"],"_links":{"self":[{"href":"https:\/\/frankablog.ferencesek.hu\/index.php?rest_route=\/wp\/v2\/posts\/377","targetHints":{"allow":["GET"]}}],"collection":[{"href":"https:\/\/frankablog.ferencesek.hu\/index.php?rest_route=\/wp\/v2\/posts"}],"about":[{"href":"https:\/\/frankablog.ferencesek.hu\/index.php?rest_route=\/wp\/v2\/types\/post"}],"author":[{"embeddable":true,"href":"https:\/\/frankablog.ferencesek.hu\/index.php?rest_route=\/wp\/v2\/users\/5"}],"replies":[{"embeddable":true,"href":"https:\/\/frankablog.ferencesek.hu\/index.php?rest_route=%2Fwp%2Fv2%2Fcomments&post=377"}],"version-history":[{"count":2,"href":"https:\/\/frankablog.ferencesek.hu\/index.php?rest_route=\/wp\/v2\/posts\/377\/revisions"}],"predecessor-version":[{"id":389,"href":"https:\/\/frankablog.ferencesek.hu\/index.php?rest_route=\/wp\/v2\/posts\/377\/revisions\/389"}],"wp:attachment":[{"href":"https:\/\/frankablog.ferencesek.hu\/index.php?rest_route=%2Fwp%2Fv2%2Fmedia&parent=377"}],"wp:term":[{"taxonomy":"category","embeddable":true,"href":"https:\/\/frankablog.ferencesek.hu\/index.php?rest_route=%2Fwp%2Fv2%2Fcategories&post=377"},{"taxonomy":"post_tag","embeddable":true,"href":"https:\/\/frankablog.ferencesek.hu\/index.php?rest_route=%2Fwp%2Fv2%2Ftags&post=377"}],"curies":[{"name":"wp","href":"https:\/\/api.w.org\/{rel}","templated":true}]}}