{"id":650,"date":"2024-02-26T17:39:24","date_gmt":"2024-02-26T15:39:24","guid":{"rendered":"https:\/\/frankablog.ferencesek.hu\/?p=650"},"modified":"2024-02-26T17:41:08","modified_gmt":"2024-02-26T15:41:08","slug":"imaest-a-bekeert-a-szent-istvan-bazilikaban","status":"publish","type":"post","link":"https:\/\/frankablog.ferencesek.hu\/?p=650","title":{"rendered":"Imaest a b\u00e9k\u00e9\u00e9rt a Szent Istv\u00e1n bazilik\u00e1ban"},"content":{"rendered":"\t\t<div data-elementor-type=\"wp-post\" data-elementor-id=\"650\" class=\"elementor elementor-650\">\n\t\t\t\t\t\t<section class=\"elementor-section elementor-top-section elementor-element elementor-element-02c5ad0 elementor-section-boxed elementor-section-height-default elementor-section-height-default\" data-id=\"02c5ad0\" data-element_type=\"section\" data-e-type=\"section\">\n\t\t\t\t\t\t<div class=\"elementor-container elementor-column-gap-default\">\n\t\t\t\t\t<div class=\"elementor-column elementor-col-100 elementor-top-column elementor-element elementor-element-7df4a13\" data-id=\"7df4a13\" data-element_type=\"column\" data-e-type=\"column\">\n\t\t\t<div class=\"elementor-widget-wrap elementor-element-populated\">\n\t\t\t\t\t\t<section class=\"elementor-section elementor-inner-section elementor-element elementor-element-9c6395d elementor-section-boxed elementor-section-height-default elementor-section-height-default\" data-id=\"9c6395d\" data-element_type=\"section\" data-e-type=\"section\">\n\t\t\t\t\t\t<div class=\"elementor-container elementor-column-gap-default\">\n\t\t\t\t\t<div class=\"elementor-column elementor-col-50 elementor-inner-column elementor-element elementor-element-cc2a04b\" data-id=\"cc2a04b\" data-element_type=\"column\" data-e-type=\"column\">\n\t\t\t<div class=\"elementor-widget-wrap elementor-element-populated\">\n\t\t\t\t\t\t<div class=\"elementor-element elementor-element-aef8d54 elementor-widget elementor-widget-text-editor\" data-id=\"aef8d54\" data-element_type=\"widget\" data-e-type=\"widget\" data-widget_type=\"text-editor.default\">\n\t\t\t\t<div class=\"elementor-widget-container\">\n\t\t\t\t\t\t\t\t\t<p>\u00a02024. febru\u00e1r 24-\u00e9n (szombaton) az orosz-ukr\u00e1n h\u00e1bor\u00fa kit\u00f6r\u00e9s\u00e9nek m\u00e1sodik \u00e9vfordul\u00f3j\u00e1n a magyarorsz\u00e1gi szerzetesrendek egy\u00fctt im\u00e1dkoztak a b\u00e9k\u00e9\u00e9rt. Ennek az alkalomnak a r\u00e9sze volt egy szentmise, amit Mohos G\u00e1bor esztergom-budapesti seg\u00e9dp\u00fcsp\u00f6k celebr\u00e1lt, a frank\u00e1s di\u00e1kok pedig ministr\u00e1ltak, ill. adt\u00e1k a k\u00f3rust.<\/p>\t\t\t\t\t\t\t\t<\/div>\n\t\t\t\t<\/div>\n\t\t\t\t\t<\/div>\n\t\t<\/div>\n\t\t\t\t<div class=\"elementor-column elementor-col-50 elementor-inner-column elementor-element elementor-element-2de258f\" data-id=\"2de258f\" data-element_type=\"column\" data-e-type=\"column\">\n\t\t\t<div class=\"elementor-widget-wrap elementor-element-populated\">\n\t\t\t\t\t\t<div class=\"elementor-element elementor-element-c0c594d elementor-widget elementor-widget-spacer\" data-id=\"c0c594d\" data-element_type=\"widget\" data-e-type=\"widget\" data-widget_type=\"spacer.default\">\n\t\t\t\t<div class=\"elementor-widget-container\">\n\t\t\t\t\t\t\t<div class=\"elementor-spacer\">\n\t\t\t<div class=\"elementor-spacer-inner\"><\/div>\n\t\t<\/div>\n\t\t\t\t\t\t<\/div>\n\t\t\t\t<\/div>\n\t\t\t\t<div class=\"elementor-element elementor-element-b434365 elementor-widget elementor-widget-image\" data-id=\"b434365\" data-element_type=\"widget\" data-e-type=\"widget\" data-widget_type=\"image.default\">\n\t\t\t\t<div class=\"elementor-widget-container\">\n\t\t\t\t\t\t\t\t\t\t\t\t\t\t\t<img fetchpriority=\"high\" decoding=\"async\" width=\"640\" height=\"362\" src=\"https:\/\/frankablog.ferencesek.hu\/wp-content\/uploads\/2024\/02\/enekkar.jpeg\" class=\"attachment-large size-large wp-image-653\" alt=\"\" \/>\t\t\t\t\t\t\t\t\t\t\t\t\t\t\t<\/div>\n\t\t\t\t<\/div>\n\t\t\t\t\t<\/div>\n\t\t<\/div>\n\t\t\t\t\t<\/div>\n\t\t<\/section>\n\t\t\t\t\t<\/div>\n\t\t<\/div>\n\t\t\t\t\t<\/div>\n\t\t<\/section>\n\t\t\t\t<section class=\"elementor-section elementor-top-section elementor-element elementor-element-56adaa1 elementor-section-boxed elementor-section-height-default elementor-section-height-default\" data-id=\"56adaa1\" data-element_type=\"section\" data-e-type=\"section\">\n\t\t\t\t\t\t<div class=\"elementor-container elementor-column-gap-default\">\n\t\t\t\t\t<div class=\"elementor-column elementor-col-100 elementor-top-column elementor-element elementor-element-ad72a44\" data-id=\"ad72a44\" data-element_type=\"column\" data-e-type=\"column\">\n\t\t\t<div class=\"elementor-widget-wrap elementor-element-populated\">\n\t\t\t\t\t\t<div class=\"elementor-element elementor-element-561f287 elementor-widget elementor-widget-image\" data-id=\"561f287\" data-element_type=\"widget\" data-e-type=\"widget\" data-widget_type=\"image.default\">\n\t\t\t\t<div class=\"elementor-widget-container\">\n\t\t\t\t\t\t\t\t\t\t\t\t\t\t\t<img decoding=\"async\" width=\"640\" height=\"362\" src=\"https:\/\/frankablog.ferencesek.hu\/wp-content\/uploads\/2024\/02\/petiek.jpeg\" class=\"attachment-large size-large wp-image-654\" alt=\"\" \/>\t\t\t\t\t\t\t\t\t\t\t\t\t\t\t<\/div>\n\t\t\t\t<\/div>\n\t\t\t\t\t<\/div>\n\t\t<\/div>\n\t\t\t\t\t<\/div>\n\t\t<\/section>\n\t\t\t\t<section class=\"elementor-section elementor-top-section elementor-element elementor-element-25b9f5b elementor-section-boxed elementor-section-height-default elementor-section-height-default\" data-id=\"25b9f5b\" data-element_type=\"section\" data-e-type=\"section\">\n\t\t\t\t\t\t<div class=\"elementor-container elementor-column-gap-default\">\n\t\t\t\t\t<div class=\"elementor-column elementor-col-100 elementor-top-column elementor-element elementor-element-b13f78d\" data-id=\"b13f78d\" data-element_type=\"column\" data-e-type=\"column\">\n\t\t\t<div class=\"elementor-widget-wrap elementor-element-populated\">\n\t\t\t\t\t\t<div class=\"elementor-element elementor-element-dcc2b49 elementor-widget elementor-widget-text-editor\" data-id=\"dcc2b49\" data-element_type=\"widget\" data-e-type=\"widget\" data-widget_type=\"text-editor.default\">\n\t\t\t\t<div class=\"elementor-widget-container\">\n\t\t\t\t\t\t\t\t\t<p>Az imaalakomr\u00f3l r\u00e9szletesen a Magyar Kur\u00edr cikk\u00e9ben olvashatnak<strong> <a href=\"https:\/\/www.magyarkurir.hu\/hirek\/a-beke-legnagyobb-akadalya-bennunk-van-imaestet-tartottak-szerzetesek-bazilikaban\">ide kattintva.<\/a><\/strong><\/p>\t\t\t\t\t\t\t\t<\/div>\n\t\t\t\t<\/div>\n\t\t\t\t\t<\/div>\n\t\t<\/div>\n\t\t\t\t\t<\/div>\n\t\t<\/section>\n\t\t\t\t<\/div>\n\t\t","protected":false},"excerpt":{"rendered":"<p>\u00a02024. febru\u00e1r 24-\u00e9n (szombaton) az orosz-ukr\u00e1n h\u00e1bor\u00fa kit\u00f6r\u00e9s\u00e9nek m\u00e1sodik \u00e9vfordul\u00f3j\u00e1n a magyarorsz\u00e1gi szerzetesrendek egy\u00fctt im\u00e1dkoztak a b\u00e9k\u00e9\u00e9rt. Ennek az alkalomnak a r\u00e9sze volt egy szentmise, amit Mohos G\u00e1bor esztergom-budapesti seg\u00e9dp\u00fcsp\u00f6k celebr\u00e1lt, a frank\u00e1s di\u00e1kok pedig ministr\u00e1ltak, ill. adt\u00e1k a k\u00f3rust. &hellip; <a href=\"https:\/\/frankablog.ferencesek.hu\/?p=650\">Egy kattint\u00e1s ide a folytat\u00e1shoz&#8230;. <span class=\"meta-nav\">&rarr;<\/span><\/a><\/p>\n","protected":false},"author":4,"featured_media":0,"comment_status":"closed","ping_status":"closed","sticky":false,"template":"","format":"standard","meta":{"footnotes":""},"categories":[12,1],"tags":[31,32],"class_list":["post-650","post","type-post","status-publish","format-standard","hentry","category-hitelet","category-hivatalos","tag-beke","tag-ima"],"_links":{"self":[{"href":"https:\/\/frankablog.ferencesek.hu\/index.php?rest_route=\/wp\/v2\/posts\/650","targetHints":{"allow":["GET"]}}],"collection":[{"href":"https:\/\/frankablog.ferencesek.hu\/index.php?rest_route=\/wp\/v2\/posts"}],"about":[{"href":"https:\/\/frankablog.ferencesek.hu\/index.php?rest_route=\/wp\/v2\/types\/post"}],"author":[{"embeddable":true,"href":"https:\/\/frankablog.ferencesek.hu\/index.php?rest_route=\/wp\/v2\/users\/4"}],"replies":[{"embeddable":true,"href":"https:\/\/frankablog.ferencesek.hu\/index.php?rest_route=%2Fwp%2Fv2%2Fcomments&post=650"}],"version-history":[{"count":5,"href":"https:\/\/frankablog.ferencesek.hu\/index.php?rest_route=\/wp\/v2\/posts\/650\/revisions"}],"predecessor-version":[{"id":660,"href":"https:\/\/frankablog.ferencesek.hu\/index.php?rest_route=\/wp\/v2\/posts\/650\/revisions\/660"}],"wp:attachment":[{"href":"https:\/\/frankablog.ferencesek.hu\/index.php?rest_route=%2Fwp%2Fv2%2Fmedia&parent=650"}],"wp:term":[{"taxonomy":"category","embeddable":true,"href":"https:\/\/frankablog.ferencesek.hu\/index.php?rest_route=%2Fwp%2Fv2%2Fcategories&post=650"},{"taxonomy":"post_tag","embeddable":true,"href":"https:\/\/frankablog.ferencesek.hu\/index.php?rest_route=%2Fwp%2Fv2%2Ftags&post=650"}],"curies":[{"name":"wp","href":"https:\/\/api.w.org\/{rel}","templated":true}]}}